{"id":2826,"date":"2020-09-06T16:29:10","date_gmt":"2020-09-06T16:29:10","guid":{"rendered":"https:\/\/ceipsantmiquellliria.es\/?p=2826"},"modified":"2024-02-08T00:07:34","modified_gmt":"2024-02-08T00:07:34","slug":"pla-de-contingencia-i-continuitat","status":"publish","type":"post","link":"https:\/\/ceipsantmiquellliria.es\/?p=2826","title":{"rendered":"PLA DE CONTING\u00c8NCIA I CONTINU\u00cfTAT"},"content":{"rendered":"\t\t<div data-elementor-type=\"wp-post\" data-elementor-id=\"2826\" class=\"elementor elementor-2826\">\n\t\t\t\t\t\t<section class=\"elementor-section elementor-top-section elementor-element elementor-element-96cdd10 elementor-section-full_width elementor-section-height-default elementor-section-height-default\" data-id=\"96cdd10\" data-element_type=\"section\">\n\t\t\t\t\t\t<div class=\"elementor-container elementor-column-gap-default\">\n\t\t\t\t\t<div class=\"elementor-column elementor-col-100 elementor-top-column elementor-element elementor-element-1db53ef\" data-id=\"1db53ef\" data-element_type=\"column\">\n\t\t\t<div class=\"elementor-widget-wrap elementor-element-populated\">\n\t\t\t\t\t\t<div class=\"elementor-element elementor-element-0186806 elementor-widget elementor-widget-text-editor\" data-id=\"0186806\" data-element_type=\"widget\" data-widget_type=\"text-editor.default\">\n\t\t\t\t<div class=\"elementor-widget-container\">\n\t\t\t\t\t\t\t<p><strong><a href=\"https:\/\/drive.google.com\/file\/d\/1qkYY-EcXTyanbAcwIBmmuCavtpAcsjGy\/view?usp=sharing\"><span style=\"color: #ff0000;\">NOTA INFORMATIVA IMPORTANT fam\u00edlies inici curs 2020-2021<\/span><\/a> (6 DE SETEMBRE DE 2020):<br \/><\/strong><\/p><p><a href=\"https:\/\/drive.google.com\/file\/d\/1qkYY-EcXTyanbAcwIBmmuCavtpAcsjGy\/view?usp=sharing\"><strong><span style=\"color: #ff0000;\">ENTRADA\/EIXIDA CURS 2020-2021<\/span> <\/strong><\/a>(Hav\u00edem penjat per errada un horari d&#8217;entrada equivocat, aquest \u00e9s el correcte. Disculpeu les mol\u00e8sties.)<strong>(6 de setembre de 2020)<\/strong><\/p><p><a href=\"https:\/\/drive.google.com\/file\/d\/1pGb5RlYw9uGqLt2MnR8jjGlpC2gPDuJN\/view?usp=sharing\"><span style=\"color: #ff0000;\"><strong>CARTA DEL DIRECTOR: INFORMACI\u00d3 MENJAD<\/strong><\/span><strong><span style=\"color: #ff0000;\">OR I TRANSPORT<\/span><\/strong><\/a><\/p><p><span style=\"color: #ff0000;\"><strong><a style=\"color: #ff0000;\" href=\"https:\/\/drive.google.com\/file\/d\/1xD8vB1jIITD3oTDoQLvPwpbJ5MiOWQ7g\/view?usp=sharing\">CARTA DEL DIRECTOR: INICI DE CURS 2020-2021\u00a0 COVID 19<\/a><\/strong><\/span><\/p><p><span style=\"color: #ff0000;\"><a style=\"color: #ff0000;\" href=\"https:\/\/drive.google.com\/file\/d\/1Yf2Kp1Zewihtnvyt60qZEiX6FW3KORCz\/view?usp=sharing\"><strong>INFOGRAFIA INICI CURS<\/strong><\/a><\/span><\/p><p><span style=\"color: #ff0000;\"><a style=\"color: #ff0000;\" href=\"https:\/\/drive.google.com\/file\/d\/1m1Az6S8sHcpaVpK3dP8X4NpUuHNUKmsa\/view?usp=sharing\"><strong>MODEL DE DECLARACI\u00d3 RESPONSABLE<\/strong><\/a> <\/span>(a emplenar i enviar pels <span style=\"color: #ff0000;\">pares\/mares\/tutors\/es)<\/span><\/p><p><strong><span style=\"color: #ff0000;\"><a style=\"color: #ff0000;\" href=\"https:\/\/drive.google.com\/file\/d\/1nnRWOtGZ53qA1zySgl3kmEemblnxR10r\/view?usp=sharing\">INSTRUCCIONS ALS PARES\/MARES I\/O TUTORS LEGALS DE LES I ELS ALUMNES. PLA DE CONTING\u00c8NCIA CURS 20-21<\/a><\/span><br \/><\/strong><\/p><p><span style=\"color: #ff0000;\"><a style=\"color: #ff0000;\" href=\"https:\/\/drive.google.com\/file\/d\/1nnt7oPOD_UEocfoRz5jWLg_jt1kCYGVx\/view?usp=sharing\"><strong>PROTOCOL PER AL TRANSPORT ESCOLAR. PLA DE CONTING\u00c8NCIA CURS 20-21<\/strong><\/a><\/span><\/p><p><span style=\"color: #ff0000;\"><a style=\"color: #ff0000;\" href=\"https:\/\/drive.google.com\/file\/d\/1k6mXxcpGLNygKOejAjUdM3L6QYTYurnD\/view?usp=sharing\"><strong>PROTOCOL PER AL MENJADOR ESCOLAR. PLA DE CONTING\u00c8NCIA CURS 20-21<\/strong><\/a><\/span><\/p>\t\t\t\t\t\t<\/div>\n\t\t\t\t<\/div>\n\t\t\t\t\t<\/div>\n\t\t<\/div>\n\t\t\t\t\t<\/div>\n\t\t<\/section>\n\t\t\t\t<\/div>\n\t\t","protected":false},"excerpt":{"rendered":"<p>NOTA INFORMATIVA IMPORTANT fam\u00edlies inici curs 2020-2021 (6 DE SETEMBRE DE 2020): ENTRADA\/EIXIDA CURS 2020-2021 (Hav\u00edem penjat per errada un horari d&#8217;entrada equivocat, aquest \u00e9s el correcte. Disculpeu les mol\u00e8sties.)(6 de setembre de 2020) CARTA DEL DIRECTOR: INFORMACI\u00d3 MENJADOR I TRANSPORT CARTA DEL DIRECTOR: INICI DE CURS 2020-2021\u00a0 COVID 19 INFOGRAFIA INICI CURS MODEL DE&#8230;<\/p>\n<p class=\"more-link\"><a href=\"https:\/\/ceipsantmiquellliria.es\/?p=2826\"><span>Read More<\/span><i>&#43;<\/i><\/a><\/p>\n","protected":false},"author":11,"featured_media":1332,"comment_status":"closed","ping_status":"closed","sticky":false,"template":"","format":"standard","meta":[],"categories":[],"tags":[],"_links":{"self":[{"href":"https:\/\/ceipsantmiquellliria.es\/index.php?rest_route=\/wp\/v2\/posts\/2826"}],"collection":[{"href":"https:\/\/ceipsantmiquellliria.es\/index.php?rest_route=\/wp\/v2\/posts"}],"about":[{"href":"https:\/\/ceipsantmiquellliria.es\/index.php?rest_route=\/wp\/v2\/types\/post"}],"author":[{"embeddable":true,"href":"https:\/\/ceipsantmiquellliria.es\/index.php?rest_route=\/wp\/v2\/users\/11"}],"replies":[{"embeddable":true,"href":"https:\/\/ceipsantmiquellliria.es\/index.php?rest_route=%2Fwp%2Fv2%2Fcomments&post=2826"}],"version-history":[{"count":3,"href":"https:\/\/ceipsantmiquellliria.es\/index.php?rest_route=\/wp\/v2\/posts\/2826\/revisions"}],"predecessor-version":[{"id":3246,"href":"https:\/\/ceipsantmiquellliria.es\/index.php?rest_route=\/wp\/v2\/posts\/2826\/revisions\/3246"}],"wp:featuredmedia":[{"embeddable":true,"href":"https:\/\/ceipsantmiquellliria.es\/index.php?rest_route=\/wp\/v2\/media\/1332"}],"wp:attachment":[{"href":"https:\/\/ceipsantmiquellliria.es\/index.php?rest_route=%2Fwp%2Fv2%2Fmedia&parent=2826"}],"wp:term":[{"taxonomy":"category","embeddable":true,"href":"https:\/\/ceipsantmiquellliria.es\/index.php?rest_route=%2Fwp%2Fv2%2Fcategories&post=2826"},{"taxonomy":"post_tag","embeddable":true,"href":"https:\/\/ceipsantmiquellliria.es\/index.php?rest_route=%2Fwp%2Fv2%2Ftags&post=2826"}],"curies":[{"name":"wp","href":"https:\/\/api.w.org\/{rel}","templated":true}]}}